{"id":1993,"date":"2022-04-21T12:30:34","date_gmt":"2022-04-21T12:30:34","guid":{"rendered":"http:\/\/otl.ubiobio.cl\/?p=1993"},"modified":"2022-07-19T23:22:13","modified_gmt":"2022-07-19T23:22:13","slug":"1993","status":"publish","type":"post","link":"http:\/\/otl.ubiobio.cl\/index.php\/2022\/04\/21\/1993\/","title":{"rendered":"OTL-UBB invit\u00f3 a conocer ventajas de la \u201cLey Corta\u201d referida a Propiedad Intelectual"},"content":{"rendered":"<div id=\"pl-1993\"  class=\"panel-layout\" ><div id=\"pg-1993-0\"  class=\"panel-grid panel-has-style\" ><div style=\"padding-top: 30px; padding-bottom: 30px; \" class=\"panel-row-style panel-row-style-for-1993-0\" ><div id=\"pgc-1993-0-0\"  class=\"panel-grid-cell\" ><div id=\"panel-1993-0-0-0\" class=\"so-panel widget widget_sow-editor panel-first-child panel-last-child\" data-index=\"0\" ><div\n\t\t\t\n\t\t\tclass=\"so-widget-sow-editor so-widget-sow-editor-base\"\n\t\t\t\n\t\t>\n<div class=\"siteorigin-widget-tinymce textwidget\">\n\t<p style=\"text-align: center;\"><em><a href=\"http:\/\/otl.ubiobio.cl\/wp-content\/uploads\/2022\/04\/06-1024x545.jpg\"><img loading=\"lazy\" decoding=\"async\" class=\"wp-image-1995 aligncenter\" src=\"http:\/\/otl.ubiobio.cl\/wp-content\/uploads\/2022\/04\/06-1024x545-300x160.jpg\" alt=\"\" width=\"454\" height=\"242\" data-id=\"1995\" srcset=\"http:\/\/otl.ubiobio.cl\/wp-content\/uploads\/2022\/04\/06-1024x545-300x160.jpg 300w, http:\/\/otl.ubiobio.cl\/wp-content\/uploads\/2022\/04\/06-1024x545-768x409.jpg 768w, http:\/\/otl.ubiobio.cl\/wp-content\/uploads\/2022\/04\/06-1024x545.jpg 1024w, http:\/\/otl.ubiobio.cl\/wp-content\/uploads\/2022\/04\/06-1024x545-710x378.jpg 710w\" sizes=\"(max-width: 454px) 100vw, 454px\" \/><\/a><a href=\"http:\/\/otl.ubiobio.cl\/wp-content\/uploads\/2022\/04\/03-1024x533.jpg\"><img loading=\"lazy\" decoding=\"async\" class=\"wp-image-1996 aligncenter\" src=\"http:\/\/otl.ubiobio.cl\/wp-content\/uploads\/2022\/04\/03-1024x533-300x156.jpg\" alt=\"\" width=\"458\" height=\"238\" data-id=\"1996\" srcset=\"http:\/\/otl.ubiobio.cl\/wp-content\/uploads\/2022\/04\/03-1024x533-300x156.jpg 300w, http:\/\/otl.ubiobio.cl\/wp-content\/uploads\/2022\/04\/03-1024x533-768x400.jpg 768w, http:\/\/otl.ubiobio.cl\/wp-content\/uploads\/2022\/04\/03-1024x533.jpg 1024w, http:\/\/otl.ubiobio.cl\/wp-content\/uploads\/2022\/04\/03-1024x533-710x370.jpg 710w\" sizes=\"(max-width: 458px) 100vw, 458px\" \/><\/a><img loading=\"lazy\" decoding=\"async\" class=\"wp-image-1997 aligncenter\" src=\"http:\/\/otl.ubiobio.cl\/wp-content\/uploads\/2022\/04\/08-1024x559-300x164.jpg\" alt=\"\" width=\"457\" height=\"250\" data-id=\"1997\" srcset=\"http:\/\/otl.ubiobio.cl\/wp-content\/uploads\/2022\/04\/08-1024x559-300x164.jpg 300w, http:\/\/otl.ubiobio.cl\/wp-content\/uploads\/2022\/04\/08-1024x559-768x419.jpg 768w, http:\/\/otl.ubiobio.cl\/wp-content\/uploads\/2022\/04\/08-1024x559.jpg 1024w, http:\/\/otl.ubiobio.cl\/wp-content\/uploads\/2022\/04\/08-1024x559-710x388.jpg 710w\" sizes=\"(max-width: 457px) 100vw, 457px\" \/><\/em><\/p>\n<p>&nbsp;<\/p>\n<p><em>La actividad organizada este jueves 21 de abril de 2022, v\u00eda zoom, cont\u00f3 con la exposici\u00f3n del abogado Felipe Burgos Osorio, experto en temas de propiedad intelectual y fue organizada por la<strong>\u00a0<\/strong>Oficina de Transferencia y Licenciamiento (OTL-UBB) de la Direcci\u00f3n de Innovaci\u00f3n. Una iniciativa realizada en conjunto con los proyectos InES G\u00e9nero, 92INES, Ingenier\u00eda2030 y Ci2030.<\/em><\/p>\n<p>Durante el desarrollo del proceso de invenci\u00f3n hay un momento en que el inventor necesita probar o experimentar su innovaci\u00f3n, enfrent\u00e1ndose a hacerla p\u00fablica, sin que su desarrollo le permita aun presentar una solicitud de patente definitiva. Para esta situaci\u00f3n, y con la finalidad de proteger su proceso creativo, se consideran \u00fatil esto que conocemos como ley corta<strong>\u201d<\/strong>, asevera el abogado Felipe Burgos.<\/p>\n<p>En la oportunidad el abogado,\u00a0Felipe Burgos, expuso sobre las modificaciones que se han incorporado a la Ley de Propiedad Industrial relacionadas a la presentaci\u00f3n de solicitudes de patentes de invenci\u00f3n provisional en Chile, tambi\u00e9n conocida como \u201cLey Corta\u201d, donde hubo espacio para conversar sobre la relevancia de esta ley para quienes est\u00e1n interesados\/as en patentar.<\/p>\n<p>En la ocasi\u00f3n, el ingeniero Alex Z\u00fa\u00f1iga, dio la bienvenida a los asistentes y detall\u00f3 la relevancia de este encuentro consistente en permitir a los inventores\/as y titulares de la propiedad intelectual, presentar una solicitud de patente antes de tener redactado el documento de patente, sin perder la novedad de su invenci\u00f3n o investigaci\u00f3n.<\/p>\n<p>En este contexto el abogado Felipe Burgos, se\u00f1al\u00f3 entender a los investigadores e investigadoras cada vez que son invitados\/as a una feria, seminario o si est\u00e1n a punto de publicar un paper, y se encuentran en la interrogante de divulgar algo antes de solicitar una patente. Y que precisamente existe un instrumento legal conocido como la \u201cley corta\u201d que permite resguardar sus derechos de propiedad intelectual.<\/p>\n<p>Esta \u201cley corta\u201d, \u00a0-destaca el abogado Burgos- que en un plazo de 12 meses se pueda presentar la patente definitiva. Concretamente, se\u00f1ala el especialista, la solicitud de patente provisional\u00a0es una figura que permite preservar la patentabilidad de invenciones a\u00fan en fase de desarrollo y\/o evaluaci\u00f3n sin los requerimientos formales de una\u00a0patente\u00a0est\u00e1ndar. Actualmente, est\u00e1 disponible \u00fanicamente en ciertos pa\u00edses, como Estados Unidos, Australia y Portugal.<\/p>\n<p>\u201cDurante el desarrollo del proceso de invenci\u00f3n hay un momento en que el inventor necesita probar o experimentar su innovaci\u00f3n, enfrent\u00e1ndose a hacerla p\u00fablica, sin que su desarrollo le permita aun presentar una solicitud de patente definitiva. Para esta situaci\u00f3n, y con la finalidad de proteger su proceso creativo, se consideran \u00fatil esto que conocemos como ley corta\u201d, asevera el abogado Felipe Burgos.<\/p>\n<p>En la oportunidad se acentu\u00f3 que la Universidad del B\u00edo-B\u00edo cuenta con un Reglamento de Propiedad Intelectual, donde se establecen las normas relativas a la titularidad de los derechos de propiedad intelectual e industrial de los resultados de la actividad creadora e inventiva realizada en la Universidad por sus funcionarios, acad\u00e9micos y administrativos.<\/p>\n<p>Este encuentro se enmarca en las actividades institucionales de la OTL-UBB y los proyectos conjuntos, para promover informaci\u00f3n adecuada a nuestros acad\u00e9micos y acad\u00e9micas en materia de Propiedad Intelectual.<\/p>\n<p>Fuente: VRIP Comunicaciones<\/p>\n<p>Link video con la presentaci\u00f3n de la charla<\/p>\n<p><a href=\"https:\/\/www.youtube.com\/watch?v=1t0ePkWpDCk\">https:\/\/www.youtube.com\/watch?v=1t0ePkWpDCk<\/a><\/p>\n<p>&nbsp;<\/p>\n<p><a href=\"http:\/\/otl.ubiobio.cl\/wp-content\/uploads\/2022\/04\/LOGOS-OTL-VRIP-UBB-02.jpg\"><img loading=\"lazy\" decoding=\"async\" class=\"aligncenter size-medium wp-image-2048\" src=\"http:\/\/otl.ubiobio.cl\/wp-content\/uploads\/2022\/04\/LOGOS-OTL-VRIP-UBB-02-300x172.jpg\" alt=\"\" width=\"300\" height=\"172\" data-id=\"2048\" srcset=\"http:\/\/otl.ubiobio.cl\/wp-content\/uploads\/2022\/04\/LOGOS-OTL-VRIP-UBB-02-300x172.jpg 300w, http:\/\/otl.ubiobio.cl\/wp-content\/uploads\/2022\/04\/LOGOS-OTL-VRIP-UBB-02-768x440.jpg 768w, http:\/\/otl.ubiobio.cl\/wp-content\/uploads\/2022\/04\/LOGOS-OTL-VRIP-UBB-02-1024x586.jpg 1024w, http:\/\/otl.ubiobio.cl\/wp-content\/uploads\/2022\/04\/LOGOS-OTL-VRIP-UBB-02-710x406.jpg 710w\" sizes=\"(max-width: 300px) 100vw, 300px\" \/><\/a><\/p>\n<\/div>\n<\/div><\/div><\/div><\/div><\/div><\/div>","protected":false},"excerpt":{"rendered":"<p>&nbsp; La actividad organizada este jueves 21 de abril de 2022, v\u00eda zoom, cont\u00f3 con la exposici\u00f3n del abogado Felipe Burgos Osorio, experto en temas de propiedad intelectual y fue&nbsp;[ &hellip; ]<\/p>\n","protected":false},"author":1,"featured_media":1994,"comment_status":"closed","ping_status":"closed","sticky":false,"template":"","format":"standard","meta":{"footnotes":""},"categories":[11],"tags":[],"_links":{"self":[{"href":"http:\/\/otl.ubiobio.cl\/index.php\/wp-json\/wp\/v2\/posts\/1993"}],"collection":[{"href":"http:\/\/otl.ubiobio.cl\/index.php\/wp-json\/wp\/v2\/posts"}],"about":[{"href":"http:\/\/otl.ubiobio.cl\/index.php\/wp-json\/wp\/v2\/types\/post"}],"author":[{"embeddable":true,"href":"http:\/\/otl.ubiobio.cl\/index.php\/wp-json\/wp\/v2\/users\/1"}],"replies":[{"embeddable":true,"href":"http:\/\/otl.ubiobio.cl\/index.php\/wp-json\/wp\/v2\/comments?post=1993"}],"version-history":[{"count":15,"href":"http:\/\/otl.ubiobio.cl\/index.php\/wp-json\/wp\/v2\/posts\/1993\/revisions"}],"predecessor-version":[{"id":2505,"href":"http:\/\/otl.ubiobio.cl\/index.php\/wp-json\/wp\/v2\/posts\/1993\/revisions\/2505"}],"wp:featuredmedia":[{"embeddable":true,"href":"http:\/\/otl.ubiobio.cl\/index.php\/wp-json\/wp\/v2\/media\/1994"}],"wp:attachment":[{"href":"http:\/\/otl.ubiobio.cl\/index.php\/wp-json\/wp\/v2\/media?parent=1993"}],"wp:term":[{"taxonomy":"category","embeddable":true,"href":"http:\/\/otl.ubiobio.cl\/index.php\/wp-json\/wp\/v2\/categories?post=1993"},{"taxonomy":"post_tag","embeddable":true,"href":"http:\/\/otl.ubiobio.cl\/index.php\/wp-json\/wp\/v2\/tags?post=1993"}],"curies":[{"name":"wp","href":"https:\/\/api.w.org\/{rel}","templated":true}]}}