{"id":2010,"date":"2022-05-12T22:05:18","date_gmt":"2022-05-12T22:05:18","guid":{"rendered":"http:\/\/otl.ubiobio.cl\/?p=2010"},"modified":"2022-07-02T03:48:54","modified_gmt":"2022-07-02T03:48:54","slug":"equipo-otl-ubb-fortalece-vinculos-con-empresarios-metalmecanicos-de-la-comuna-de-nacimiento","status":"publish","type":"post","link":"http:\/\/otl.ubiobio.cl\/index.php\/2022\/05\/12\/equipo-otl-ubb-fortalece-vinculos-con-empresarios-metalmecanicos-de-la-comuna-de-nacimiento\/","title":{"rendered":"Equipo OTL-UBB fortalece v\u00ednculos con empresarios metalmec\u00e1nicos de la Comuna de Nacimiento"},"content":{"rendered":"<div id=\"pl-2010\"  class=\"panel-layout\" ><div id=\"pg-2010-0\"  class=\"panel-grid panel-has-style\" ><div style=\"padding-top: 30px; padding-bottom: 30px; \" class=\"panel-row-style panel-row-style-for-2010-0\" ><div id=\"pgc-2010-0-0\"  class=\"panel-grid-cell\" ><div id=\"panel-2010-0-0-0\" class=\"so-panel widget widget_sow-editor panel-first-child panel-last-child\" data-index=\"0\" ><div\n\t\t\t\n\t\t\tclass=\"so-widget-sow-editor so-widget-sow-editor-base\"\n\t\t\t\n\t\t>\n<div class=\"siteorigin-widget-tinymce textwidget\">\n\t<p style=\"text-align: left;\"><a href=\"http:\/\/otl.ubiobio.cl\/wp-content\/uploads\/2022\/05\/2.jpg\"><img loading=\"lazy\" decoding=\"async\" class=\"wp-image-2012 aligncenter\" src=\"http:\/\/otl.ubiobio.cl\/wp-content\/uploads\/2022\/05\/2-300x169.jpg\" alt=\"\" width=\"508\" height=\"286\" data-id=\"2012\" srcset=\"http:\/\/otl.ubiobio.cl\/wp-content\/uploads\/2022\/05\/2-300x169.jpg 300w, http:\/\/otl.ubiobio.cl\/wp-content\/uploads\/2022\/05\/2.jpg 768w, http:\/\/otl.ubiobio.cl\/wp-content\/uploads\/2022\/05\/2-710x399.jpg 710w\" sizes=\"(max-width: 508px) 100vw, 508px\" \/><\/a><\/p>\n<p><em>Una reuni\u00f3n en la cual participaron representantes de la Subcomisi\u00f3n Metalmec\u00e1nica de la Mesa Empresarial encabezada por el municipio de Nacimiento, se realiz\u00f3 la tarde del martes 10 de mayo con la presencia del alcalde Carlos Toloza.<\/em><\/p>\n<p>El objetivo fue abordar el estado de las empresas metalmec\u00e1nicas de la comuna, analizando los retos actuales post pandemia y centralizando su conclusi\u00f3n en el reconocimiento del trabajo asociativo, lo que permite la obtenci\u00f3n de beneficios para todo el empresariado.<\/p>\n<p>Asimismo, se plantearon las orientaciones de la subcomisi\u00f3n para este a\u00f1o, de acuerdo a las expectativas generadas; la posible colaboraci\u00f3n del Instituto Profesional DUOC para avanzar en \u201cFormaci\u00f3n T\u00e9cnico Especializada\u201d; y alternativas de disponer plataformas tecnol\u00f3gicas que ayuden a procesos de planificaci\u00f3n, control de procesos y log\u00edstica.<\/p>\n<p>De igual forma, se evaluaron iniciativas y fuentes de financiamiento Corfo para acceder a nuevas tecnolog\u00edas; alternativas para fortalecer habilidades blandas de los empresarios; factibilidad d\u00a0e certificaciones de oficio vinculadas al sector (Sence, Chile Califica); y definir una estructura representativa 2022\u20132024, con posibles iniciativas y proyectos de inversi\u00f3n.<\/p>\n<p>Durante la reuni\u00f3n, tambi\u00e9n expusieron Alex Z\u00fa\u00f1iga y Ariel Jim\u00e9nez, gestores tecnol\u00f3gicos de la Oficina de Transferencia y Licenciamiento de la Universidad del B\u00edo-B\u00edo, quienes pusieron a disposici\u00f3n del empresariado la oferta tecnol\u00f3gica creada a partir de la generaci\u00f3n de nuevo conocimiento, tecnolog\u00edas y servicios desarrolladas por sus acad\u00e9micos, centros de I+D, programas, laboratorios y grupos de investigaci\u00f3n.<\/p>\n<p>En la instancia, el alcalde Carlos Toloza reafirm\u00f3 el compromiso del municipio con las y los empresarios locales, en la b\u00fasqueda permanente de crecer como comuna y mejorar la empleabilidad, acompa\u00f1ado del desarrollo social de las familias.<\/p>\n<p>Fuente: Municipalidad de Nacimiento<\/p>\n<p>VRIP UBB\u00a0http:\/\/vrip.ubiobio.cl\/vrip\/index.php\/2022\/05\/12\/equipo-otl-ubb-fortalece-vinculos-con-empresarios-metalmecanicos-de-la-comuna-de-nacimiento\/<\/p>\n<p><a href=\"http:\/\/otl.ubiobio.cl\/wp-content\/uploads\/2022\/04\/LOGOS-OTL-VRIP-UBB-02.jpg\"><img loading=\"lazy\" decoding=\"async\" class=\"aligncenter size-medium wp-image-2048\" src=\"http:\/\/otl.ubiobio.cl\/wp-content\/uploads\/2022\/04\/LOGOS-OTL-VRIP-UBB-02-300x172.jpg\" alt=\"\" width=\"300\" height=\"172\" data-id=\"2048\" srcset=\"http:\/\/otl.ubiobio.cl\/wp-content\/uploads\/2022\/04\/LOGOS-OTL-VRIP-UBB-02-300x172.jpg 300w, http:\/\/otl.ubiobio.cl\/wp-content\/uploads\/2022\/04\/LOGOS-OTL-VRIP-UBB-02-768x440.jpg 768w, http:\/\/otl.ubiobio.cl\/wp-content\/uploads\/2022\/04\/LOGOS-OTL-VRIP-UBB-02-1024x586.jpg 1024w, http:\/\/otl.ubiobio.cl\/wp-content\/uploads\/2022\/04\/LOGOS-OTL-VRIP-UBB-02-710x406.jpg 710w\" sizes=\"(max-width: 300px) 100vw, 300px\" \/><\/a><\/p>\n<\/div>\n<\/div><\/div><\/div><\/div><\/div><\/div>","protected":false},"excerpt":{"rendered":"<p>Una reuni\u00f3n en la cual participaron representantes de la Subcomisi\u00f3n Metalmec\u00e1nica de la Mesa Empresarial encabezada por el municipio de Nacimiento, se realiz\u00f3 la tarde del martes 10 de mayo&nbsp;[ &hellip; ]<\/p>\n","protected":false},"author":1,"featured_media":2011,"comment_status":"closed","ping_status":"closed","sticky":false,"template":"","format":"standard","meta":{"footnotes":""},"categories":[10],"tags":[],"_links":{"self":[{"href":"http:\/\/otl.ubiobio.cl\/index.php\/wp-json\/wp\/v2\/posts\/2010"}],"collection":[{"href":"http:\/\/otl.ubiobio.cl\/index.php\/wp-json\/wp\/v2\/posts"}],"about":[{"href":"http:\/\/otl.ubiobio.cl\/index.php\/wp-json\/wp\/v2\/types\/post"}],"author":[{"embeddable":true,"href":"http:\/\/otl.ubiobio.cl\/index.php\/wp-json\/wp\/v2\/users\/1"}],"replies":[{"embeddable":true,"href":"http:\/\/otl.ubiobio.cl\/index.php\/wp-json\/wp\/v2\/comments?post=2010"}],"version-history":[{"count":9,"href":"http:\/\/otl.ubiobio.cl\/index.php\/wp-json\/wp\/v2\/posts\/2010\/revisions"}],"predecessor-version":[{"id":2415,"href":"http:\/\/otl.ubiobio.cl\/index.php\/wp-json\/wp\/v2\/posts\/2010\/revisions\/2415"}],"wp:featuredmedia":[{"embeddable":true,"href":"http:\/\/otl.ubiobio.cl\/index.php\/wp-json\/wp\/v2\/media\/2011"}],"wp:attachment":[{"href":"http:\/\/otl.ubiobio.cl\/index.php\/wp-json\/wp\/v2\/media?parent=2010"}],"wp:term":[{"taxonomy":"category","embeddable":true,"href":"http:\/\/otl.ubiobio.cl\/index.php\/wp-json\/wp\/v2\/categories?post=2010"},{"taxonomy":"post_tag","embeddable":true,"href":"http:\/\/otl.ubiobio.cl\/index.php\/wp-json\/wp\/v2\/tags?post=2010"}],"curies":[{"name":"wp","href":"https:\/\/api.w.org\/{rel}","templated":true}]}}