{"id":2022,"date":"2022-05-04T23:34:22","date_gmt":"2022-05-04T23:34:22","guid":{"rendered":"http:\/\/otl.ubiobio.cl\/?p=2022"},"modified":"2022-07-02T03:49:51","modified_gmt":"2022-07-02T03:49:51","slug":"subdireccion-de-innovacion-y-face-ubb-logran-un-acuerdo-estrategico-con-servicio-de-salud-nuble-para-capacitacion-en-gestion-hospitalaria","status":"publish","type":"post","link":"http:\/\/otl.ubiobio.cl\/index.php\/2022\/05\/04\/subdireccion-de-innovacion-y-face-ubb-logran-un-acuerdo-estrategico-con-servicio-de-salud-nuble-para-capacitacion-en-gestion-hospitalaria\/","title":{"rendered":"Subdirecci\u00f3n de Innovaci\u00f3n y FACE UBB logran un acuerdo estrat\u00e9gico con Servicio de Salud \u00d1uble para capacitaci\u00f3n en gesti\u00f3n hospitalaria"},"content":{"rendered":"<div id=\"pl-2022\"  class=\"panel-layout\" ><div id=\"pg-2022-0\"  class=\"panel-grid panel-has-style\" ><div style=\"padding-top: 30px; padding-bottom: 30px; \" class=\"panel-row-style panel-row-style-for-2022-0\" ><div id=\"pgc-2022-0-0\"  class=\"panel-grid-cell\" ><div id=\"panel-2022-0-0-0\" class=\"so-panel widget widget_sow-editor panel-first-child panel-last-child\" data-index=\"0\" ><div\n\t\t\t\n\t\t\tclass=\"so-widget-sow-editor so-widget-sow-editor-base\"\n\t\t\t\n\t\t>\n<div class=\"siteorigin-widget-tinymce textwidget\">\n\t<p><a href=\"http:\/\/otl.ubiobio.cl\/wp-content\/uploads\/2022\/05\/9.jpeg\"><img loading=\"lazy\" decoding=\"async\" class=\"aligncenter size-large wp-image-2023\" src=\"http:\/\/otl.ubiobio.cl\/wp-content\/uploads\/2022\/05\/9-1024x591.jpeg\" alt=\"\" width=\"1024\" height=\"591\" data-id=\"2023\" srcset=\"http:\/\/otl.ubiobio.cl\/wp-content\/uploads\/2022\/05\/9.jpeg 1024w, http:\/\/otl.ubiobio.cl\/wp-content\/uploads\/2022\/05\/9-300x173.jpeg 300w, http:\/\/otl.ubiobio.cl\/wp-content\/uploads\/2022\/05\/9-768x443.jpeg 768w, http:\/\/otl.ubiobio.cl\/wp-content\/uploads\/2022\/05\/9-710x410.jpeg 710w\" sizes=\"(max-width: 1024px) 100vw, 1024px\" \/><\/a><\/p>\n<p><em>En reciente reuni\u00f3n sostenida entre el Dr. Patricio Oliva de la Subdirecci\u00f3n de Innovaci\u00f3n en compa\u00f1\u00eda de Tatiana Rioseco, gestora tecnol\u00f3gica OTL-UBB \u00d1uble y la Dra. Carolina Leyton de la Facultad de Ciencias Empresariales, y el equipo del Dr. Rodrigo Avenda\u00f1o del Servicio de Salud \u00d1uble se lleg\u00f3 a un acuerdo para la elaboraci\u00f3n de un dise\u00f1o de programa de capacitaci\u00f3n en gesti\u00f3n hospitalaria, con el prop\u00f3sito de atender esta necesidad del Servicio de Salud \u00d1uble, y que ser\u00e1 relevante para el funcionamiento del nuevo Hospital de \u00d1uble.<\/em><\/p>\n<div class=\"perfect-pullquote algo pullquote-align-left\">\n<blockquote>\n<p>En el marco de potencializar y optimizar la vinculaci\u00f3n desde la Universidad del B\u00edo-B\u00edo, birregional y estatal, nuestra instituci\u00f3n, ha puesto especial \u00e9nfasis en atender las demandas y dolores de las regiones de \u00d1uble y Biob\u00edo expresadas sistem\u00e1ticamente en diferentes empresas e instituciones p\u00fablicas y\/o privadas, para las cuales tenemos la mejor disposici\u00f3n para colaborar\u201d, destaca el Dr. Patricio Oliva.<\/p>\n<\/blockquote>\n<\/div>\n<p>\u201cEn el marco de potencializar y optimizar la vinculaci\u00f3n desde la Universidad del B\u00edo-B\u00edo, birregional y estatal, nuestra instituci\u00f3n, ha puesto especial \u00e9nfasis en atender las demandas y dolores de las regiones de \u00d1uble y Biob\u00edo expresadas sistem\u00e1ticamente en diferentes empresas e instituciones p\u00fablicas y\/o privadas, para las cuales tenemos la mejor disposici\u00f3n para colaborar\u201d, destaca el Dr. Patricio Oliva.<\/p>\n<p>En este contexto, el Servicio de Salud \u00d1uble, anticip\u00e1ndose a la puesta en marcha efectiva del proyecto \u201cNuevo Hospital Regional de \u00d1uble\u201d, actualmente en construcci\u00f3n y que beneficiar\u00e1 aproximadamente a una poblaci\u00f3n de 490.000 personas, considerando adem\u00e1s el relevante componente geogr\u00e1fico rural que caracteriza la Regi\u00f3n de \u00d1uble ha solicitado la colaboraci\u00f3n y expertis de la Universidad del B\u00edo-B\u00edo.<\/p>\n<p>Si bien el proyecto del nuevo hospital para \u00d1uble \u2013 agrega el Dr. Oliva- contempla una mejor infraestructura, tambi\u00e9n se requiere lograr mejores est\u00e1ndares en la atenci\u00f3n del usuario y rapidez en la capacidad de respuesta, ello demanda urgentemente crear la consciencia de los actores involucrados mediante capacitaciones previas en pos de lograr una gesti\u00f3n de mayor eficiencia y especialmente de proceso cr\u00edticos.<\/p>\n<p>\u201cPara eso se dise\u00f1ar\u00e1 un plan de capacitaci\u00f3n con metodolog\u00eda de aprender-haciendo mediante un programa a la medida, con el prop\u00f3sito de atender esta necesidad del Servicio de Salud \u00d1uble, para lo cual se han sostenido reuniones de trabajo con el equipo de dicha entidad\u201d, sostiene Dra. Carolina Leyton, de la FACE.<\/p>\n<div class=\"perfect-pullquote algo pullquote-align-left\">\n<blockquote>\n<p>Para eso se dise\u00f1ar\u00e1 un plan de capacitaci\u00f3n con metodolog\u00eda de aprender-haciendo mediante un programa a la medida, con el prop\u00f3sito de atender esta necesidad del Servicio de Salud \u00d1uble, para lo cual se han sostenido reuniones de trabajo con el equipo de dicha entidad\u201d, sostiene Dra. Carolina Leyton, de la FACE.<\/p>\n<\/blockquote>\n<\/div>\n<p>Este acuerdo entre la Subdirecci\u00f3n de Innovaci\u00f3n, FACE UBB y el Servicio de Salud \u00d1uble permitir\u00e1 un mayor perfeccionamiento y capacitaci\u00f3n del personal profesional de salud involucrado con herramientas te\u00f3rico-pr\u00e1cticas en materia de gesti\u00f3n y direcci\u00f3n de equipos de trabajo, focalizado de forma especial hacia la eficiencia y optimizaci\u00f3n en la gesti\u00f3n de procesos hospitalarios.<\/p>\n<p>Finalmente, los responsables UBB de esta iniciativa, indican que m\u00e1s adelante se ir\u00e1n incorporando nuevos actores para un mejor desarrollo de este trabajo.<\/p>\n<p>Fuente: VRIP Comunicaciones<\/p>\n<blockquote class=\"wp-embedded-content\" data-secret=\"275wXJ4SQl\"><p><a href=\"http:\/\/vrip.ubiobio.cl\/inicio\/noticias\/subdireccion-de-innovacion-y-face-ubb-logran-un-acuerdo-estrategico-con-servicio-de-salud-nuble-para-capacitacion-en-gestion-hospitalaria\/\">Subdirecci\u00f3n de Innovaci\u00f3n y FACE UBB logran un acuerdo estrat\u00e9gico con Servicio de Salud \u00d1uble para capacitaci\u00f3n en gesti\u00f3n hospitalaria<\/a><\/p><\/blockquote>\n<p><iframe class=\"wp-embedded-content\" sandbox=\"allow-scripts\" security=\"restricted\" style=\"position: absolute; clip: rect(1px, 1px, 1px, 1px);\" src=\"http:\/\/vrip.ubiobio.cl\/inicio\/noticias\/subdireccion-de-innovacion-y-face-ubb-logran-un-acuerdo-estrategico-con-servicio-de-salud-nuble-para-capacitacion-en-gestion-hospitalaria\/embed\/#?secret=275wXJ4SQl\" data-secret=\"275wXJ4SQl\" width=\"600\" height=\"338\" title=\"\u00abSubdirecci\u00f3n de Innovaci\u00f3n y FACE UBB logran un acuerdo estrat\u00e9gico con Servicio de Salud \u00d1uble para capacitaci\u00f3n en gesti\u00f3n hospitalaria\u00bb \u2014 VRIP\" frameborder=\"0\" marginwidth=\"0\" marginheight=\"0\" scrolling=\"no\"><\/iframe><\/p>\n<\/div>\n<\/div><\/div><\/div><\/div><\/div><\/div>","protected":false},"excerpt":{"rendered":"<p>En reciente reuni\u00f3n sostenida entre el Dr. Patricio Oliva de la Subdirecci\u00f3n de Innovaci\u00f3n en compa\u00f1\u00eda de Tatiana Rioseco, gestora tecnol\u00f3gica OTL-UBB \u00d1uble y la Dra. Carolina Leyton de la&nbsp;[ &hellip; ]<\/p>\n","protected":false},"author":1,"featured_media":2024,"comment_status":"closed","ping_status":"closed","sticky":false,"template":"","format":"standard","meta":{"footnotes":""},"categories":[12],"tags":[],"_links":{"self":[{"href":"http:\/\/otl.ubiobio.cl\/index.php\/wp-json\/wp\/v2\/posts\/2022"}],"collection":[{"href":"http:\/\/otl.ubiobio.cl\/index.php\/wp-json\/wp\/v2\/posts"}],"about":[{"href":"http:\/\/otl.ubiobio.cl\/index.php\/wp-json\/wp\/v2\/types\/post"}],"author":[{"embeddable":true,"href":"http:\/\/otl.ubiobio.cl\/index.php\/wp-json\/wp\/v2\/users\/1"}],"replies":[{"embeddable":true,"href":"http:\/\/otl.ubiobio.cl\/index.php\/wp-json\/wp\/v2\/comments?post=2022"}],"version-history":[{"count":7,"href":"http:\/\/otl.ubiobio.cl\/index.php\/wp-json\/wp\/v2\/posts\/2022\/revisions"}],"predecessor-version":[{"id":2417,"href":"http:\/\/otl.ubiobio.cl\/index.php\/wp-json\/wp\/v2\/posts\/2022\/revisions\/2417"}],"wp:featuredmedia":[{"embeddable":true,"href":"http:\/\/otl.ubiobio.cl\/index.php\/wp-json\/wp\/v2\/media\/2024"}],"wp:attachment":[{"href":"http:\/\/otl.ubiobio.cl\/index.php\/wp-json\/wp\/v2\/media?parent=2022"}],"wp:term":[{"taxonomy":"category","embeddable":true,"href":"http:\/\/otl.ubiobio.cl\/index.php\/wp-json\/wp\/v2\/categories?post=2022"},{"taxonomy":"post_tag","embeddable":true,"href":"http:\/\/otl.ubiobio.cl\/index.php\/wp-json\/wp\/v2\/tags?post=2022"}],"curies":[{"name":"wp","href":"https:\/\/api.w.org\/{rel}","templated":true}]}}